{"id":849,"date":"2019-10-04T11:11:31","date_gmt":"2019-10-04T11:11:31","guid":{"rendered":"https:\/\/erdfrau.de\/?p=849"},"modified":"2019-10-04T11:15:44","modified_gmt":"2019-10-04T11:15:44","slug":"herbst","status":"publish","type":"post","link":"https:\/\/erdfrau.de\/?p=849","title":{"rendered":"Herbst"},"content":{"rendered":"<p>Wie jedes Jahr um diese Zeit bin ich auch jetzt wieder ziemlich \u00fcberrascht, dass der Sommer schon wieder vorbei ist. Zuerst habe ich tapfer ignoriert, dass die Tage k\u00fcrzer und die Temperaturen k\u00fchler werden und bin sogar noch vor ein paar Tagen in FlipFlops rumgelaufen (die dann abends durch sch\u00f6ne<img loading=\"lazy\" decoding=\"async\" class=\"size-thumbnail wp-image-848 alignright\" src=\"https:\/\/erdfrau.de\/wp-content\/uploads\/2019\/10\/herbst-150x150.jpg\" alt=\"\" width=\"150\" height=\"150\" \/> warme Socken ausgetauscht wurden&#8230;).\u00a0\u00a0\u00a0\u00a0\u00a0\u00a0\u00a0\u00a0\u00a0\u00a0\u00a0\u00a0\u00a0\u00a0\u00a0\u00a0\u00a0\u00a0\u00a0\u00a0\u00a0\u00a0\u00a0\u00a0\u00a0\u00a0\u00a0\u00a0\u00a0\u00a0\u00a0\u00a0\u00a0\u00a0\u00a0\u00a0\u00a0 \u00a0 \u00a0 \u00a0 \u00a0 \u00a0 Der Herbst. Die Ver\u00e4nderungen, die wir aussen in der Natur beobachten, finden genauso in unserem Inneren statt. Nach den (meiner Meinung nach zu kurzen) Monaten der Sonne, W\u00e4rme, Aktivit\u00e4ten und Wachstum ziehen sich nun die Kr\u00e4fte der Natur zur\u00fcck. Es ist die Zeit des Sammelns, der Ernte und der Dankbarkeit f\u00fcr diese. Ein weiterer Aspekt ist das Loslassen. Die Erfahrungen des Fr\u00fchlings und Sommers werden reflektiert und verfeinert. Was nicht mehr stimmig ist, darf gehen. Wir werden zur Innenschau und zum In-Sich-Kehren angeregt. Nicht nur mit einer Tasse Tee in der warmen Stube, sondern auch bei einem Spaziergang durch den Herbstwind und -regen.<\/p>\n","protected":false},"excerpt":{"rendered":"<p>Wie jedes Jahr um diese Zeit bin ich auch jetzt wieder ziemlich \u00fcberrascht, dass der Sommer schon wieder vorbei ist. Zuerst habe ich tapfer ignoriert, dass die Tage k\u00fcrzer und die Temperaturen k\u00fchler werden und bin sogar noch vor ein paar Tagen in FlipFlops rumgelaufen (die dann abends durch sch\u00f6ne warme Socken ausgetauscht wurden&#8230;).\u00a0\u00a0\u00a0\u00a0\u00a0\u00a0\u00a0\u00a0\u00a0\u00a0\u00a0\u00a0\u00a0\u00a0\u00a0\u00a0\u00a0\u00a0\u00a0\u00a0\u00a0\u00a0\u00a0\u00a0\u00a0\u00a0\u00a0\u00a0\u00a0\u00a0\u00a0\u00a0\u00a0\u00a0\u00a0\u00a0\u00a0 \u00a0&hellip;<a href=\"https:\/\/erdfrau.de\/?p=849\" class=\"more-link\">Continue reading <span class=\"screen-reader-text\">Herbst<\/span><\/a><\/p>\n","protected":false},"author":1,"featured_media":0,"comment_status":"open","ping_status":"open","sticky":false,"template":"","format":"standard","meta":{"footnotes":""},"categories":[1],"tags":[],"class_list":["post-849","post","type-post","status-publish","format-standard","hentry","category-blog"],"_links":{"self":[{"href":"https:\/\/erdfrau.de\/index.php?rest_route=\/wp\/v2\/posts\/849","targetHints":{"allow":["GET"]}}],"collection":[{"href":"https:\/\/erdfrau.de\/index.php?rest_route=\/wp\/v2\/posts"}],"about":[{"href":"https:\/\/erdfrau.de\/index.php?rest_route=\/wp\/v2\/types\/post"}],"author":[{"embeddable":true,"href":"https:\/\/erdfrau.de\/index.php?rest_route=\/wp\/v2\/users\/1"}],"replies":[{"embeddable":true,"href":"https:\/\/erdfrau.de\/index.php?rest_route=%2Fwp%2Fv2%2Fcomments&post=849"}],"version-history":[{"count":8,"href":"https:\/\/erdfrau.de\/index.php?rest_route=\/wp\/v2\/posts\/849\/revisions"}],"predecessor-version":[{"id":857,"href":"https:\/\/erdfrau.de\/index.php?rest_route=\/wp\/v2\/posts\/849\/revisions\/857"}],"wp:attachment":[{"href":"https:\/\/erdfrau.de\/index.php?rest_route=%2Fwp%2Fv2%2Fmedia&parent=849"}],"wp:term":[{"taxonomy":"category","embeddable":true,"href":"https:\/\/erdfrau.de\/index.php?rest_route=%2Fwp%2Fv2%2Fcategories&post=849"},{"taxonomy":"post_tag","embeddable":true,"href":"https:\/\/erdfrau.de\/index.php?rest_route=%2Fwp%2Fv2%2Ftags&post=849"}],"curies":[{"name":"wp","href":"https:\/\/api.w.org\/{rel}","templated":true}]}}